{"id":6086,"date":"2025-10-20T15:51:15","date_gmt":"2025-10-20T13:51:15","guid":{"rendered":"https:\/\/x-runners.de\/?p=6086"},"modified":"2025-10-20T16:47:33","modified_gmt":"2025-10-20T14:47:33","slug":"kernberglauf-2025-x-runners-feiern-mannschaftssieg","status":"publish","type":"post","link":"https:\/\/x-runners.de\/?p=6086","title":{"rendered":"Kernberglauf 2025 \u2013 X-Runners feiern Mannschaftssieg"},"content":{"rendered":"\n<p>Am 18. Oktober war es wieder soweit: Der nunmehr 48. Kernberglauf stand vor der Haust\u00fcr. Bestes Laufwetter, steile Anstiege, schmale Wege und reichlich gute Laune sorgten f\u00fcr optimale Bedingungen auf Jenas Traditionsstrecke. Und das Wichtigste gleich vorweg: Die X-Runners belegten am Ende in der Mannschaftswertung Platz 1! Mit nur 12 Punkten (2\u00d7 Platz 1, 2\u00d7 Platz 2, 2\u00d7 Platz 3) war es ein souver\u00e4ner Sieg vor dem zweitplatzierten Team Kernberge mit 18 Punkten \u2013 klare Sache.<\/p>\n\n\n\n<figure class=\"wp-block-gallery has-nested-images columns-default is-cropped wp-block-gallery-1 is-layout-flex wp-block-gallery-is-layout-flex\">\n<figure class=\"wp-block-image size-large\"><img loading=\"lazy\" decoding=\"async\" width=\"1024\" height=\"768\" data-id=\"6098\" src=\"https:\/\/x-runners.de\/wp-content\/uploads\/2025\/10\/IMG-20251018-WA0007-1024x768.jpg\" alt=\"\" class=\"wp-image-6098\" srcset=\"https:\/\/x-runners.de\/wp-content\/uploads\/2025\/10\/IMG-20251018-WA0007-1024x768.jpg 1024w, https:\/\/x-runners.de\/wp-content\/uploads\/2025\/10\/IMG-20251018-WA0007-300x225.jpg 300w, https:\/\/x-runners.de\/wp-content\/uploads\/2025\/10\/IMG-20251018-WA0007-768x576.jpg 768w, https:\/\/x-runners.de\/wp-content\/uploads\/2025\/10\/IMG-20251018-WA0007-1536x1152.jpg 1536w, https:\/\/x-runners.de\/wp-content\/uploads\/2025\/10\/IMG-20251018-WA0007-800x600.jpg 800w, https:\/\/x-runners.de\/wp-content\/uploads\/2025\/10\/IMG-20251018-WA0007-250x188.jpg 250w, https:\/\/x-runners.de\/wp-content\/uploads\/2025\/10\/IMG-20251018-WA0007.jpg 1600w\" sizes=\"auto, (max-width: 1024px) 100vw, 1024px\" \/><\/figure>\n<\/figure>\n\n\n\n<p>Lena zeigte beim <strong>1 Km Kinderlauf<\/strong>, dass Laufleidenschaft bei den X-Runners schon fr\u00fch anf\u00e4ngt: In starken 4:16 Minuten lief sie auf Platz 21 gesamt und 2. in ihrer Altersklasse \u2013 Fr\u00fche Laufleidenschaft, ganz klar vererbt.<\/p>\n\n\n<div class=\"wp-block-image\">\n<figure class=\"aligncenter size-large is-resized\"><img loading=\"lazy\" decoding=\"async\" width=\"1024\" height=\"768\" src=\"https:\/\/x-runners.de\/wp-content\/uploads\/2025\/10\/IMG-20251018-WA0009-1024x768.jpg\" alt=\"\" class=\"wp-image-6093\" style=\"width:556px;height:auto\" srcset=\"https:\/\/x-runners.de\/wp-content\/uploads\/2025\/10\/IMG-20251018-WA0009-1024x768.jpg 1024w, https:\/\/x-runners.de\/wp-content\/uploads\/2025\/10\/IMG-20251018-WA0009-300x225.jpg 300w, https:\/\/x-runners.de\/wp-content\/uploads\/2025\/10\/IMG-20251018-WA0009-768x576.jpg 768w, https:\/\/x-runners.de\/wp-content\/uploads\/2025\/10\/IMG-20251018-WA0009-1536x1152.jpg 1536w, https:\/\/x-runners.de\/wp-content\/uploads\/2025\/10\/IMG-20251018-WA0009-800x600.jpg 800w, https:\/\/x-runners.de\/wp-content\/uploads\/2025\/10\/IMG-20251018-WA0009-250x188.jpg 250w, https:\/\/x-runners.de\/wp-content\/uploads\/2025\/10\/IMG-20251018-WA0009.jpg 1600w\" sizes=\"auto, (max-width: 1024px) 100vw, 1024px\" \/><\/figure>\n<\/div>\n\n\n<p>Auf der <strong>15 Km<\/strong> mit ca. 260 H\u00f6henmetern wurde es sportlich \u2013 und wie immer taktisch klug verteilt zwischen Tempo und Technik.<\/p>\n\n\n\n<p>Flo erreichte als 11. Zieleinl\u00e4ufer und sicherte sich damit den 3. Platz in seiner Altersklasse in 01:03:12 h. Zwei Minuten langsamer als im Vorjahr, aber v\u00f6llig im Soll: solide Pace, kein Drama, alles im gr\u00fcnen Bereich.<\/p>\n\n\n\n<p>Yves kam in 01:04:31 h auf Platz 19 gesamt und holte sich Platz 2 seiner AK. Wie immer konstant stark, souver\u00e4n und mit der typischen Mischung aus Routine und Renninstinkt \u2013 seit Jahren eine sichere Bank f\u00fcrs Podest.<\/p>\n\n\n\n<p>Paul wurde in 01:06:07 h gesamt 26. und konnte sich damit \u00fcberraschend Platz 3 in seiner Altersklasse sichern. Diesmal offenbar mit weniger Restfeier im Blut als 2024 \u2013 und siehe da: der Unterschied war sp\u00fcrbar. Locker, konzentriert und schnell unterwegs.<\/p>\n\n\n\n<p>Ralf Mehr lieferte wieder ab. Als 50. In der Gesamtplatzierung lief er auf das oberste Podesttreppchen und holte sich Platz 1 in seiner Altersklasse mit einer Zeit von in 01:10:33 Stunden. Einer, der einfach immer funktioniert. Wenn irgendwo ein Treppchen steht, ist Ralf in der Regel schon drauf.<\/p>\n\n\n\n<p>Roland zeigte in 01:16:53 h (Gesamt Platz 119, AK Platz 5) einen starken Lauf und konnte sich im Routinierduell knapp gegen Ingolf behaupten, der in 01:17:48 h (128. gesamt, AK 6. Platz) nur wenig sp\u00e4ter folgte. Ein Duell, das schon fast zum Jahresritual geh\u00f6rt.<\/p>\n\n\n\n<p>Au\u00dferdem erfolgreich unterwegs: Maik Berrang, X-Runner der ersten Stunde, aber traditionell beim Kernberglauf f\u00fcr Laufsport Triptis am Start, sicherte sich Platz 1 in seiner Altersklasse in 1:16;09 Stunden (Gesamtplatz 102).<\/p>\n\n\n\n<p>Stephanie erreichte in 01:32:26 Stunden den 342. Gesamtplatz und 9. in ihrer Altersklasse. Mit einem L\u00e4cheln durchs Ziel und dem festen Vorsatz f\u00fcrs n\u00e4chste Jahr: <em>\u201eUnter 1:30 h \u2013 das pack ich!\u201c<\/em><\/p>\n\n\n\n<figure class=\"wp-block-gallery has-nested-images columns-default is-cropped wp-block-gallery-2 is-layout-flex wp-block-gallery-is-layout-flex\">\n<figure class=\"wp-block-image size-large\"><img loading=\"lazy\" decoding=\"async\" width=\"768\" height=\"1024\" data-id=\"6100\" src=\"https:\/\/x-runners.de\/wp-content\/uploads\/2025\/10\/IMG-20251018-WA0015-2-768x1024.jpg\" alt=\"\" class=\"wp-image-6100\" srcset=\"https:\/\/x-runners.de\/wp-content\/uploads\/2025\/10\/IMG-20251018-WA0015-2-768x1024.jpg 768w, https:\/\/x-runners.de\/wp-content\/uploads\/2025\/10\/IMG-20251018-WA0015-2-225x300.jpg 225w, https:\/\/x-runners.de\/wp-content\/uploads\/2025\/10\/IMG-20251018-WA0015-2-1152x1536.jpg 1152w, https:\/\/x-runners.de\/wp-content\/uploads\/2025\/10\/IMG-20251018-WA0015-2-250x333.jpg 250w, https:\/\/x-runners.de\/wp-content\/uploads\/2025\/10\/IMG-20251018-WA0015-2.jpg 1200w\" sizes=\"auto, (max-width: 768px) 100vw, 768px\" \/><\/figure>\n\n\n\n<figure class=\"wp-block-image size-large\"><img loading=\"lazy\" decoding=\"async\" width=\"768\" height=\"1024\" data-id=\"6101\" src=\"https:\/\/x-runners.de\/wp-content\/uploads\/2025\/10\/IMG-20251018-WA0016-1-768x1024.jpg\" alt=\"\" class=\"wp-image-6101\" srcset=\"https:\/\/x-runners.de\/wp-content\/uploads\/2025\/10\/IMG-20251018-WA0016-1-768x1024.jpg 768w, https:\/\/x-runners.de\/wp-content\/uploads\/2025\/10\/IMG-20251018-WA0016-1-225x300.jpg 225w, https:\/\/x-runners.de\/wp-content\/uploads\/2025\/10\/IMG-20251018-WA0016-1-1152x1536.jpg 1152w, https:\/\/x-runners.de\/wp-content\/uploads\/2025\/10\/IMG-20251018-WA0016-1-250x333.jpg 250w, https:\/\/x-runners.de\/wp-content\/uploads\/2025\/10\/IMG-20251018-WA0016-1.jpg 1200w\" sizes=\"auto, (max-width: 768px) 100vw, 768px\" \/><\/figure>\n<\/figure>\n\n\n\n<p>Auf der <strong>27 Km<\/strong> langen Strecke wurde es ernst. Purer Herbst gespickt mit ca. 600 H\u00f6henmetern, vielen Wurzeln und der Frage, ob man gerade noch l\u00e4uft oder schon wandert.<\/p>\n\n\n\n<p>Marius feierte auf der langen Strecke ein erfolgreiches Deb\u00fct : In 01:52:23 h wurde er Gesamt 3. und 1. in seiner Altersklasse. Erstmals auf der langen Strecke und gleich aufs Podest \u2013 starker Einstand! Zwar f\u00fcr unseren Verein die X-Runners unterwegs, aber in der Mannschaftswertung f\u00fcr Team Kernberge gemeldet \u2013 dort reichte es diesmal \u201enur\u201c zu Platz 2.<\/p>\n\n\n\n<p>Jan zeigte, dass sich Trainingsflei\u00df lohnt: In 02:27:33 h lief er auf Platz 76 gesamt und 11. in seiner Altersklasse\u2013 satte 30 Minuten schneller als zuletzt 2023! Wenn das kein Motivationsschub ist.<\/p>\n\n\n\n<p>Clemens, erstmals f\u00fcr die X-Runners beim Kernberglauf am Start, kam in 02:27:55 h auf Platz 80 gesamt und 5. in seiner Altersklasse. Sauberer Einstand und starke Leistung auf der langen Kante!<\/p>\n\n\n\n<p>Manu und Mandy liefen fast im Gleichschritt ins Ziel: Manuela in 02:29:44 h (Platz 92 gesamt, 2. In ihrer Alterklassenwertung), Mandy in 02:29:49 h (Platz 93 gesamt, und 1. In der Altersklasse). Super Leistung! Doppeltes Podest, doppelter Jubel \u2013 so l\u00e4uft Teamarbeit auf 27 Kilometern.<\/p>\n\n\n\n<p>Adrian komplettierte das X-Runners-Feld in 03:03:50 Stunden \u2013 Platz 218 gesamt und 32. in seiner Altersklasse. Trotz \u00fcberschaubarem Trainingspensum k\u00e4mpfte er sich souver\u00e4n ins Ziel und nahm sich gleich das n\u00e4chste Ziel vor: 2026 soll die Drei-Stunden-Marke fallen.<\/p>\n\n\n\n<figure class=\"wp-block-gallery has-nested-images columns-default is-cropped wp-block-gallery-3 is-layout-flex wp-block-gallery-is-layout-flex\">\n<figure class=\"wp-block-image size-large\"><img decoding=\"async\" data-id=\"6104\" src=\"https:\/\/x-runners.de\/wp-content\/uploads\/2025\/10\/20251018_134140-2.jpg\" alt=\"\" class=\"wp-image-6104\"\/><\/figure>\n\n\n\n<figure class=\"wp-block-image size-large\"><img loading=\"lazy\" decoding=\"async\" width=\"1024\" height=\"768\" data-id=\"6103\" src=\"https:\/\/x-runners.de\/wp-content\/uploads\/2025\/10\/IMG-20251018-WA0010-1-1024x768.jpg\" alt=\"\" class=\"wp-image-6103\" srcset=\"https:\/\/x-runners.de\/wp-content\/uploads\/2025\/10\/IMG-20251018-WA0010-1-1024x768.jpg 1024w, https:\/\/x-runners.de\/wp-content\/uploads\/2025\/10\/IMG-20251018-WA0010-1-300x225.jpg 300w, https:\/\/x-runners.de\/wp-content\/uploads\/2025\/10\/IMG-20251018-WA0010-1-768x576.jpg 768w, https:\/\/x-runners.de\/wp-content\/uploads\/2025\/10\/IMG-20251018-WA0010-1-1536x1152.jpg 1536w, https:\/\/x-runners.de\/wp-content\/uploads\/2025\/10\/IMG-20251018-WA0010-1-800x600.jpg 800w, https:\/\/x-runners.de\/wp-content\/uploads\/2025\/10\/IMG-20251018-WA0010-1-250x188.jpg 250w, https:\/\/x-runners.de\/wp-content\/uploads\/2025\/10\/IMG-20251018-WA0010-1.jpg 1600w\" sizes=\"auto, (max-width: 1024px) 100vw, 1024px\" \/><\/figure>\n<\/figure>\n\n\n\n<figure class=\"wp-block-gallery has-nested-images columns-default is-cropped wp-block-gallery-4 is-layout-flex wp-block-gallery-is-layout-flex\">\n<figure class=\"wp-block-image size-large\"><img loading=\"lazy\" decoding=\"async\" width=\"1024\" height=\"768\" data-id=\"6102\" src=\"https:\/\/x-runners.de\/wp-content\/uploads\/2025\/10\/IMG-20251018-WA0012-1-1024x768.jpg\" alt=\"\" class=\"wp-image-6102\" srcset=\"https:\/\/x-runners.de\/wp-content\/uploads\/2025\/10\/IMG-20251018-WA0012-1-1024x768.jpg 1024w, https:\/\/x-runners.de\/wp-content\/uploads\/2025\/10\/IMG-20251018-WA0012-1-300x225.jpg 300w, https:\/\/x-runners.de\/wp-content\/uploads\/2025\/10\/IMG-20251018-WA0012-1-768x576.jpg 768w, https:\/\/x-runners.de\/wp-content\/uploads\/2025\/10\/IMG-20251018-WA0012-1-1536x1152.jpg 1536w, https:\/\/x-runners.de\/wp-content\/uploads\/2025\/10\/IMG-20251018-WA0012-1-800x600.jpg 800w, https:\/\/x-runners.de\/wp-content\/uploads\/2025\/10\/IMG-20251018-WA0012-1-250x188.jpg 250w, https:\/\/x-runners.de\/wp-content\/uploads\/2025\/10\/IMG-20251018-WA0012-1.jpg 1600w\" sizes=\"auto, (max-width: 1024px) 100vw, 1024px\" \/><\/figure>\n\n\n\n<figure class=\"wp-block-image size-large\"><img loading=\"lazy\" decoding=\"async\" width=\"768\" height=\"1024\" data-id=\"6105\" src=\"https:\/\/x-runners.de\/wp-content\/uploads\/2025\/10\/20251018_145657-1-768x1024.jpg\" alt=\"\" class=\"wp-image-6105\" srcset=\"https:\/\/x-runners.de\/wp-content\/uploads\/2025\/10\/20251018_145657-1-768x1024.jpg 768w, https:\/\/x-runners.de\/wp-content\/uploads\/2025\/10\/20251018_145657-1-225x300.jpg 225w, https:\/\/x-runners.de\/wp-content\/uploads\/2025\/10\/20251018_145657-1-scaled.jpg 1920w\" sizes=\"auto, (max-width: 768px) 100vw, 768px\" \/><\/figure>\n<\/figure>\n\n\n\n<p>Letztendlich konnten sich alle X-Runners \u00fcber ihre individuellen Leistungen und vor allem \u00fcber die herausragende Mannschaftsleistung freuen. Ein rundum perfekter Herbsttag auf heimischem Terrain \u2013 irgendwo zwischen Laktat, Laubfall und Laufgenuss.<\/p>\n\n\n\n<p>Ergebnisse: <a href=\"https:\/\/www.kernberglauf.de\/index.php?su=0&amp;sx=5&amp;sy=2&amp;sz=0\">www.kernberglauf.de<\/a><\/p>\n\n\n\n<p>Bis bald eure X-Runners<\/p>\n","protected":false},"excerpt":{"rendered":"<p>Am 18. Oktober war es wieder soweit: Der nunmehr 48. Kernberglauf stand vor der Haust\u00fcr. Bestes Laufwetter, steile Anstiege, schmale Wege und reichlich gute Laune sorgten f\u00fcr optimale Bedingungen auf Jenas Traditionsstrecke. Und das Wichtigste gleich vorweg: Die X-Runners belegten am Ende in der Mannschaftswertung Platz 1! Mit nur 12 Punkten (2\u00d7 Platz 1, 2\u00d7 <a class=\"more-link\" href=\"https:\/\/x-runners.de\/?p=6086\">Read More &#8230;<\/a><\/p>\n","protected":false},"author":22,"featured_media":6098,"comment_status":"closed","ping_status":"closed","sticky":true,"template":"","format":"standard","meta":{"footnotes":""},"categories":[1],"tags":[],"class_list":["post-6086","post","type-post","status-publish","format-standard","has-post-thumbnail","hentry","category-allgemein"],"yoast_head":"<!-- This site is optimized with the Yoast SEO plugin v27.4 - https:\/\/yoast.com\/product\/yoast-seo-wordpress\/ -->\n<title>Kernberglauf 2025 \u2013 X-Runners feiern Mannschaftssieg - X-Runners<\/title>\n<meta name=\"robots\" content=\"index, follow, max-snippet:-1, max-image-preview:large, max-video-preview:-1\" \/>\n<link rel=\"canonical\" href=\"https:\/\/x-runners.de\/?p=6086\" \/>\n<meta property=\"og:locale\" content=\"de_DE\" \/>\n<meta property=\"og:type\" content=\"article\" \/>\n<meta property=\"og:title\" content=\"Kernberglauf 2025 \u2013 X-Runners feiern Mannschaftssieg - X-Runners\" \/>\n<meta property=\"og:description\" content=\"Am 18. Oktober war es wieder soweit: Der nunmehr 48. Kernberglauf stand vor der Haust\u00fcr. Bestes Laufwetter, steile Anstiege, schmale Wege und reichlich gute Laune sorgten f\u00fcr optimale Bedingungen auf Jenas Traditionsstrecke. Und das Wichtigste gleich vorweg: Die X-Runners belegten am Ende in der Mannschaftswertung Platz 1! Mit nur 12 Punkten (2\u00d7 Platz 1, 2\u00d7 Read More ...\" \/>\n<meta property=\"og:url\" content=\"https:\/\/x-runners.de\/?p=6086\" \/>\n<meta property=\"og:site_name\" content=\"X-Runners\" \/>\n<meta property=\"article:published_time\" content=\"2025-10-20T13:51:15+00:00\" \/>\n<meta property=\"article:modified_time\" content=\"2025-10-20T14:47:33+00:00\" \/>\n<meta property=\"og:image\" content=\"https:\/\/x-runners.de\/wp-content\/uploads\/2025\/10\/IMG-20251018-WA0007.jpg\" \/>\n\t<meta property=\"og:image:width\" content=\"1600\" \/>\n\t<meta property=\"og:image:height\" content=\"1200\" \/>\n\t<meta property=\"og:image:type\" content=\"image\/jpeg\" \/>\n<meta name=\"author\" content=\"Paul\" \/>\n<meta name=\"twitter:card\" content=\"summary_large_image\" \/>\n<meta name=\"twitter:label1\" content=\"Verfasst von\" \/>\n\t<meta name=\"twitter:data1\" content=\"Paul\" \/>\n\t<meta name=\"twitter:label2\" content=\"Gesch\u00e4tzte Lesezeit\" \/>\n\t<meta name=\"twitter:data2\" content=\"6\u00a0Minuten\" \/>\n<script type=\"application\/ld+json\" class=\"yoast-schema-graph\">{\"@context\":\"https:\\\/\\\/schema.org\",\"@graph\":[{\"@type\":\"Article\",\"@id\":\"https:\\\/\\\/x-runners.de\\\/?p=6086#article\",\"isPartOf\":{\"@id\":\"https:\\\/\\\/x-runners.de\\\/?p=6086\"},\"author\":{\"name\":\"Paul\",\"@id\":\"https:\\\/\\\/x-runners.de\\\/#\\\/schema\\\/person\\\/11e7c3ded0c71569311c81e79907e01a\"},\"headline\":\"Kernberglauf 2025 \u2013 X-Runners feiern Mannschaftssieg\",\"datePublished\":\"2025-10-20T13:51:15+00:00\",\"dateModified\":\"2025-10-20T14:47:33+00:00\",\"mainEntityOfPage\":{\"@id\":\"https:\\\/\\\/x-runners.de\\\/?p=6086\"},\"wordCount\":627,\"publisher\":{\"@id\":\"https:\\\/\\\/x-runners.de\\\/#organization\"},\"image\":{\"@id\":\"https:\\\/\\\/x-runners.de\\\/?p=6086#primaryimage\"},\"thumbnailUrl\":\"https:\\\/\\\/x-runners.de\\\/wp-content\\\/uploads\\\/2025\\\/10\\\/IMG-20251018-WA0007.jpg\",\"inLanguage\":\"de\"},{\"@type\":\"WebPage\",\"@id\":\"https:\\\/\\\/x-runners.de\\\/?p=6086\",\"url\":\"https:\\\/\\\/x-runners.de\\\/?p=6086\",\"name\":\"Kernberglauf 2025 \u2013 X-Runners feiern Mannschaftssieg - X-Runners\",\"isPartOf\":{\"@id\":\"https:\\\/\\\/x-runners.de\\\/#website\"},\"primaryImageOfPage\":{\"@id\":\"https:\\\/\\\/x-runners.de\\\/?p=6086#primaryimage\"},\"image\":{\"@id\":\"https:\\\/\\\/x-runners.de\\\/?p=6086#primaryimage\"},\"thumbnailUrl\":\"https:\\\/\\\/x-runners.de\\\/wp-content\\\/uploads\\\/2025\\\/10\\\/IMG-20251018-WA0007.jpg\",\"datePublished\":\"2025-10-20T13:51:15+00:00\",\"dateModified\":\"2025-10-20T14:47:33+00:00\",\"breadcrumb\":{\"@id\":\"https:\\\/\\\/x-runners.de\\\/?p=6086#breadcrumb\"},\"inLanguage\":\"de\",\"potentialAction\":[{\"@type\":\"ReadAction\",\"target\":[\"https:\\\/\\\/x-runners.de\\\/?p=6086\"]}]},{\"@type\":\"ImageObject\",\"inLanguage\":\"de\",\"@id\":\"https:\\\/\\\/x-runners.de\\\/?p=6086#primaryimage\",\"url\":\"https:\\\/\\\/x-runners.de\\\/wp-content\\\/uploads\\\/2025\\\/10\\\/IMG-20251018-WA0007.jpg\",\"contentUrl\":\"https:\\\/\\\/x-runners.de\\\/wp-content\\\/uploads\\\/2025\\\/10\\\/IMG-20251018-WA0007.jpg\",\"width\":1600,\"height\":1200},{\"@type\":\"BreadcrumbList\",\"@id\":\"https:\\\/\\\/x-runners.de\\\/?p=6086#breadcrumb\",\"itemListElement\":[{\"@type\":\"ListItem\",\"position\":1,\"name\":\"Startseite\",\"item\":\"https:\\\/\\\/x-runners.de\\\/\"},{\"@type\":\"ListItem\",\"position\":2,\"name\":\"Kernberglauf 2025 \u2013 X-Runners feiern Mannschaftssieg\"}]},{\"@type\":\"WebSite\",\"@id\":\"https:\\\/\\\/x-runners.de\\\/#website\",\"url\":\"https:\\\/\\\/x-runners.de\\\/\",\"name\":\"X-Runners\",\"description\":\"Das Staffelteam aus Jena\",\"publisher\":{\"@id\":\"https:\\\/\\\/x-runners.de\\\/#organization\"},\"potentialAction\":[{\"@type\":\"SearchAction\",\"target\":{\"@type\":\"EntryPoint\",\"urlTemplate\":\"https:\\\/\\\/x-runners.de\\\/?s={search_term_string}\"},\"query-input\":{\"@type\":\"PropertyValueSpecification\",\"valueRequired\":true,\"valueName\":\"search_term_string\"}}],\"inLanguage\":\"de\"},{\"@type\":\"Organization\",\"@id\":\"https:\\\/\\\/x-runners.de\\\/#organization\",\"name\":\"X-Runners\",\"url\":\"https:\\\/\\\/x-runners.de\\\/\",\"logo\":{\"@type\":\"ImageObject\",\"inLanguage\":\"de\",\"@id\":\"https:\\\/\\\/x-runners.de\\\/#\\\/schema\\\/logo\\\/image\\\/\",\"url\":\"https:\\\/\\\/x-runners.de\\\/wp-content\\\/uploads\\\/2015\\\/04\\\/XRLOGOHP2.png\",\"contentUrl\":\"https:\\\/\\\/x-runners.de\\\/wp-content\\\/uploads\\\/2015\\\/04\\\/XRLOGOHP2.png\",\"width\":198,\"height\":55,\"caption\":\"X-Runners\"},\"image\":{\"@id\":\"https:\\\/\\\/x-runners.de\\\/#\\\/schema\\\/logo\\\/image\\\/\"}},{\"@type\":\"Person\",\"@id\":\"https:\\\/\\\/x-runners.de\\\/#\\\/schema\\\/person\\\/11e7c3ded0c71569311c81e79907e01a\",\"name\":\"Paul\",\"image\":{\"@type\":\"ImageObject\",\"inLanguage\":\"de\",\"@id\":\"https:\\\/\\\/secure.gravatar.com\\\/avatar\\\/9f81997d8470aa25c5bbe24d37668fdfbdeb5ca0b9094750d2e9ba18d478da61?s=96&d=mm&r=g\",\"url\":\"https:\\\/\\\/secure.gravatar.com\\\/avatar\\\/9f81997d8470aa25c5bbe24d37668fdfbdeb5ca0b9094750d2e9ba18d478da61?s=96&d=mm&r=g\",\"contentUrl\":\"https:\\\/\\\/secure.gravatar.com\\\/avatar\\\/9f81997d8470aa25c5bbe24d37668fdfbdeb5ca0b9094750d2e9ba18d478da61?s=96&d=mm&r=g\",\"caption\":\"Paul\"},\"url\":\"https:\\\/\\\/x-runners.de\\\/?author=22\"}]}<\/script>\n<!-- \/ Yoast SEO plugin. -->","yoast_head_json":{"title":"Kernberglauf 2025 \u2013 X-Runners feiern Mannschaftssieg - X-Runners","robots":{"index":"index","follow":"follow","max-snippet":"max-snippet:-1","max-image-preview":"max-image-preview:large","max-video-preview":"max-video-preview:-1"},"canonical":"https:\/\/x-runners.de\/?p=6086","og_locale":"de_DE","og_type":"article","og_title":"Kernberglauf 2025 \u2013 X-Runners feiern Mannschaftssieg - X-Runners","og_description":"Am 18. Oktober war es wieder soweit: Der nunmehr 48. Kernberglauf stand vor der Haust\u00fcr. Bestes Laufwetter, steile Anstiege, schmale Wege und reichlich gute Laune sorgten f\u00fcr optimale Bedingungen auf Jenas Traditionsstrecke. Und das Wichtigste gleich vorweg: Die X-Runners belegten am Ende in der Mannschaftswertung Platz 1! Mit nur 12 Punkten (2\u00d7 Platz 1, 2\u00d7 Read More ...","og_url":"https:\/\/x-runners.de\/?p=6086","og_site_name":"X-Runners","article_published_time":"2025-10-20T13:51:15+00:00","article_modified_time":"2025-10-20T14:47:33+00:00","og_image":[{"width":1600,"height":1200,"url":"https:\/\/x-runners.de\/wp-content\/uploads\/2025\/10\/IMG-20251018-WA0007.jpg","type":"image\/jpeg"}],"author":"Paul","twitter_card":"summary_large_image","twitter_misc":{"Verfasst von":"Paul","Gesch\u00e4tzte Lesezeit":"6\u00a0Minuten"},"schema":{"@context":"https:\/\/schema.org","@graph":[{"@type":"Article","@id":"https:\/\/x-runners.de\/?p=6086#article","isPartOf":{"@id":"https:\/\/x-runners.de\/?p=6086"},"author":{"name":"Paul","@id":"https:\/\/x-runners.de\/#\/schema\/person\/11e7c3ded0c71569311c81e79907e01a"},"headline":"Kernberglauf 2025 \u2013 X-Runners feiern Mannschaftssieg","datePublished":"2025-10-20T13:51:15+00:00","dateModified":"2025-10-20T14:47:33+00:00","mainEntityOfPage":{"@id":"https:\/\/x-runners.de\/?p=6086"},"wordCount":627,"publisher":{"@id":"https:\/\/x-runners.de\/#organization"},"image":{"@id":"https:\/\/x-runners.de\/?p=6086#primaryimage"},"thumbnailUrl":"https:\/\/x-runners.de\/wp-content\/uploads\/2025\/10\/IMG-20251018-WA0007.jpg","inLanguage":"de"},{"@type":"WebPage","@id":"https:\/\/x-runners.de\/?p=6086","url":"https:\/\/x-runners.de\/?p=6086","name":"Kernberglauf 2025 \u2013 X-Runners feiern Mannschaftssieg - X-Runners","isPartOf":{"@id":"https:\/\/x-runners.de\/#website"},"primaryImageOfPage":{"@id":"https:\/\/x-runners.de\/?p=6086#primaryimage"},"image":{"@id":"https:\/\/x-runners.de\/?p=6086#primaryimage"},"thumbnailUrl":"https:\/\/x-runners.de\/wp-content\/uploads\/2025\/10\/IMG-20251018-WA0007.jpg","datePublished":"2025-10-20T13:51:15+00:00","dateModified":"2025-10-20T14:47:33+00:00","breadcrumb":{"@id":"https:\/\/x-runners.de\/?p=6086#breadcrumb"},"inLanguage":"de","potentialAction":[{"@type":"ReadAction","target":["https:\/\/x-runners.de\/?p=6086"]}]},{"@type":"ImageObject","inLanguage":"de","@id":"https:\/\/x-runners.de\/?p=6086#primaryimage","url":"https:\/\/x-runners.de\/wp-content\/uploads\/2025\/10\/IMG-20251018-WA0007.jpg","contentUrl":"https:\/\/x-runners.de\/wp-content\/uploads\/2025\/10\/IMG-20251018-WA0007.jpg","width":1600,"height":1200},{"@type":"BreadcrumbList","@id":"https:\/\/x-runners.de\/?p=6086#breadcrumb","itemListElement":[{"@type":"ListItem","position":1,"name":"Startseite","item":"https:\/\/x-runners.de\/"},{"@type":"ListItem","position":2,"name":"Kernberglauf 2025 \u2013 X-Runners feiern Mannschaftssieg"}]},{"@type":"WebSite","@id":"https:\/\/x-runners.de\/#website","url":"https:\/\/x-runners.de\/","name":"X-Runners","description":"Das Staffelteam aus Jena","publisher":{"@id":"https:\/\/x-runners.de\/#organization"},"potentialAction":[{"@type":"SearchAction","target":{"@type":"EntryPoint","urlTemplate":"https:\/\/x-runners.de\/?s={search_term_string}"},"query-input":{"@type":"PropertyValueSpecification","valueRequired":true,"valueName":"search_term_string"}}],"inLanguage":"de"},{"@type":"Organization","@id":"https:\/\/x-runners.de\/#organization","name":"X-Runners","url":"https:\/\/x-runners.de\/","logo":{"@type":"ImageObject","inLanguage":"de","@id":"https:\/\/x-runners.de\/#\/schema\/logo\/image\/","url":"https:\/\/x-runners.de\/wp-content\/uploads\/2015\/04\/XRLOGOHP2.png","contentUrl":"https:\/\/x-runners.de\/wp-content\/uploads\/2015\/04\/XRLOGOHP2.png","width":198,"height":55,"caption":"X-Runners"},"image":{"@id":"https:\/\/x-runners.de\/#\/schema\/logo\/image\/"}},{"@type":"Person","@id":"https:\/\/x-runners.de\/#\/schema\/person\/11e7c3ded0c71569311c81e79907e01a","name":"Paul","image":{"@type":"ImageObject","inLanguage":"de","@id":"https:\/\/secure.gravatar.com\/avatar\/9f81997d8470aa25c5bbe24d37668fdfbdeb5ca0b9094750d2e9ba18d478da61?s=96&d=mm&r=g","url":"https:\/\/secure.gravatar.com\/avatar\/9f81997d8470aa25c5bbe24d37668fdfbdeb5ca0b9094750d2e9ba18d478da61?s=96&d=mm&r=g","contentUrl":"https:\/\/secure.gravatar.com\/avatar\/9f81997d8470aa25c5bbe24d37668fdfbdeb5ca0b9094750d2e9ba18d478da61?s=96&d=mm&r=g","caption":"Paul"},"url":"https:\/\/x-runners.de\/?author=22"}]}},"_links":{"self":[{"href":"https:\/\/x-runners.de\/index.php?rest_route=\/wp\/v2\/posts\/6086","targetHints":{"allow":["GET"]}}],"collection":[{"href":"https:\/\/x-runners.de\/index.php?rest_route=\/wp\/v2\/posts"}],"about":[{"href":"https:\/\/x-runners.de\/index.php?rest_route=\/wp\/v2\/types\/post"}],"author":[{"embeddable":true,"href":"https:\/\/x-runners.de\/index.php?rest_route=\/wp\/v2\/users\/22"}],"replies":[{"embeddable":true,"href":"https:\/\/x-runners.de\/index.php?rest_route=%2Fwp%2Fv2%2Fcomments&post=6086"}],"version-history":[{"count":6,"href":"https:\/\/x-runners.de\/index.php?rest_route=\/wp\/v2\/posts\/6086\/revisions"}],"predecessor-version":[{"id":6111,"href":"https:\/\/x-runners.de\/index.php?rest_route=\/wp\/v2\/posts\/6086\/revisions\/6111"}],"wp:featuredmedia":[{"embeddable":true,"href":"https:\/\/x-runners.de\/index.php?rest_route=\/wp\/v2\/media\/6098"}],"wp:attachment":[{"href":"https:\/\/x-runners.de\/index.php?rest_route=%2Fwp%2Fv2%2Fmedia&parent=6086"}],"wp:term":[{"taxonomy":"category","embeddable":true,"href":"https:\/\/x-runners.de\/index.php?rest_route=%2Fwp%2Fv2%2Fcategories&post=6086"},{"taxonomy":"post_tag","embeddable":true,"href":"https:\/\/x-runners.de\/index.php?rest_route=%2Fwp%2Fv2%2Ftags&post=6086"}],"curies":[{"name":"wp","href":"https:\/\/api.w.org\/{rel}","templated":true}]}}